{"id":317,"date":"2014-09-15T15:56:00","date_gmt":"2014-09-15T18:56:00","guid":{"rendered":"https:\/\/myozden.info\/index.php\/2014\/09\/15\/ekonomide-yaptigimizi-egitimde-yapamaz-miyiz\/"},"modified":"2014-09-15T15:56:00","modified_gmt":"2014-09-15T18:56:00","slug":"ekonomide-yaptigimizi-egitimde-yapamaz-miyiz","status":"publish","type":"post","link":"https:\/\/myozden.info\/index.php\/2014\/09\/15\/ekonomide-yaptigimizi-egitimde-yapamaz-miyiz\/","title":{"rendered":"Ekonomide Yapt\u0131\u011f\u0131m\u0131z\u0131 E\u011fitimde Yapamaz m\u0131y\u0131z?"},"content":{"rendered":"<p><span style=\"font-family: Arial, Helvetica, sans-serif;\">merhaba:<\/span><\/p>\n<div>\n<span style=\"font-family: Arial, Helvetica, sans-serif;\">Soru \u00e7ok basit &#8220;Ekonomide yapt\u0131\u011f\u0131m\u0131z\u0131 E\u011fitimde yapamaz m\u0131y\u0131z?&#8221; bu soruyu sormam\u0131n nedeni 12 Eyl\u00fcl 2014 tarihinde yay\u0131nlanan ve Enver Aysever&#8217;in sundu\u011fu &#8220;Ayk\u0131r\u0131 Sorular&#8221; program\u0131nda &#8220;&#8230;Bir \u00fclkede e\u011fitim alan\u0131nda yap\u0131lan reformlar\u0131n sonu\u00e7lar\u0131n\u0131n en az 10 y\u0131lda kar\u015f\u0131l\u0131k bulaca\u011f\u0131n\u0131 &#8230; &#8221; s\u00f6ylemi\u015ftim. Programa birlikte kat\u0131ld\u0131\u011f\u0131m say\u0131n M\u00fcge \u0130plik\u00e7i bu c\u00fcmlemi <a href=\"http:\/\/www.gazetevatan.com\/muge-iplikci-677945-yazar-yazisi-aykiri-sorular\/\" target=\"_blank\">15 Eyl\u00fcl 2014 tarhinde Vatan Gazetesi<\/a>nde yazm\u0131\u015f oldu\u011fu yaz\u0131da tekrar vurgulam\u0131\u015f. Evet, E\u011fitim alan\u0131nda yap\u0131lan ve ba\u015far\u0131l\u0131 olmu\u015f de\u011fi\u015fimler hep zaman alm\u0131\u015ft\u0131r.&nbsp;<\/span><\/div>\n<div>\n<span style=\"font-family: Arial, Helvetica, sans-serif;\"><br \/><\/span><\/div>\n<div>\n<span style=\"font-family: Arial, Helvetica, sans-serif;\">Bu veriyle yola ba\u015flay\u0131nca bizim i\u00e7inde re\u00e7ete, ger\u00e7ekle\u015ftirilecek de\u011fi\u015fimler i\u00e7in yeteri kadar zaman\u0131 verecek \u00e7\u00f6z\u00fcmler \u00fczerinde d\u00fc\u015f\u00fcnmemizi ve uygulama ba\u015flad\u0131ktan sonra s\u00fcrekli olarak \u00f6l\u00e7memizi ve de\u011ferlendirmemizi bu i\u015flemlerin sonucunda e\u011fer gerekiyorsa d\u00fczeltmeler yapmam\u0131z\u0131 s\u00f6yl\u00fcyor. Bu s\u00f6yledi\u011fim \u015feyler \u00e7ok da kolay de\u011fil. \u00dclkemizde Milli E\u011fitim konusunda yap\u0131lanlara bak\u0131nca yukar\u0131da yazd\u0131klar\u0131m\u0131n hayal bile edilemeyece\u011fi bir ger\u00e7ek olarak kar\u015f\u0131m\u0131za \u00e7\u0131k\u0131yor.&nbsp;<\/span><\/div>\n<div>\n<span style=\"font-family: Arial, Helvetica, sans-serif;\"><br \/><\/span><\/div>\n<div>\n<span style=\"font-family: Arial, Helvetica, sans-serif;\">Bunun benzeri bir durum 90&#8217;l\u0131 y\u0131llar\u0131n sonu 2000&#8217;lerin ba\u015f\u0131na kadar ekonomi alan\u0131nda aynen bir kadermi\u015f gibi y\u0131llarca \u00fclke olarak bizleri rahats\u0131z etti, ta ki Kemal Dervi\u015f&#8217;in gelip o me\u015fhur de\u011fi\u015fim\/d\u00f6n\u00fc\u015f\u00fcmleri yapmas\u0131na kadar. Kemal Dervi\u015f&#8217;in ba\u015far\u0131s\u0131n\u0131n arkas\u0131nda o program\u0131n uygulamas\u0131na olanak sa\u011flayan siyasi irade ve kararl\u0131l\u0131k vard\u0131. Ekonomide o d\u00f6nemde ba\u015flayan bu program hi\u00e7 taviz verilmeden k\u00fc\u00e7\u00fck de\u011fi\u015fimlerle g\u00fcn\u00fcm\u00fcze kadar uyguland\u0131. Bu program\u0131n eksileri ve art\u0131lar\u0131 ekonomistler taraf\u0131ndan tart\u0131\u015f\u0131labilir ama ba\u015far\u0131s\u0131n\u0131n arkas\u0131nda kararl\u0131 bir siyasi irade oldu\u011fu konusunda galiba \u00e7ok daha fazla destek bulunabilir. Ekonomi konusunda bu kadar kararl\u0131 olan son d\u00f6nemki iktidar nedense ayn\u0131 kararl\u0131l\u0131\u011f\u0131 e\u011fitim sistemimizde g\u00f6steremiyor. S\u00fcrekli olarak yap\u0131lan reformlar faydadan fazla zarar getiriyor. Bu c\u00fcmlemi destekleyecek uluslararas\u0131 bir\u00e7ok kaynak bulmak m\u00fcmk\u00fcn (PISA, TIMMS vb.)&nbsp;<\/span><\/div>\n<div>\n<span style=\"font-family: Arial, Helvetica, sans-serif;\"><br \/><\/span><\/div>\n<div>\n<span style=\"font-family: Arial, Helvetica, sans-serif;\">E\u011fitim, sadece \u00e7ouklar\u0131m\u0131z\u0131n okula gitmesiyle s\u0131n\u0131rl\u0131 bir olgu de\u011fil, ekonomi de e\u011fitimle do\u011frudan ilgili (Orta Gelir Tuza\u011f\u0131?). \u00c7a\u011f\u0131n gereklerine g\u00f6re yeti\u015fmi\u015f insan g\u00fcc\u00fcn\u00fcz yoksa g\u00fcn\u00fcm\u00fcz\u00fcn d\u00fcnyas\u0131nda var olmak \u00e7ok da kolay de\u011fil. Dolay\u0131s\u0131yla, bu \u00e7a\u011f\u0131n bilgi ve beceriyle donanm\u0131\u015f bireyleri yeti\u015ftirmek \u00fczere E\u011fitim Sistemini yeniden yap\u0131land\u0131rmam\u0131z ve bu de\u011fi\u015fim i\u00e7in gerekli zaman\u0131 vermeliyiz.&nbsp;<\/span><\/div>\n<div>\n<span style=\"font-family: Arial, Helvetica, sans-serif;\"><br \/><\/span><\/div>\n<div>\n<span style=\"font-family: Arial, Helvetica, sans-serif;\">Fakat \u00fclkemizde E\u011fitim konusunda en \u00f6nemli c\u00fcmle galiba &#8220;E\u011fitim \u015eart&#8221;. E\u011fitim ne yaz\u0131k ki bunun \u00f6tesine ge\u00e7emiyor. Bug\u00fcn \u00e7\u0131kan gazetelerde ana muhalefet partisiyle ilgili haberler yer al\u0131yordu.&nbsp;<\/span><\/div>\n<div>\n<span style=\"font-family: Arial, Helvetica, sans-serif;\"><br \/><\/span><\/div>\n<div style=\"clear: both; text-align: center;\">\n<a href=\"https:\/\/blogger.googleusercontent.com\/img\/b\/R29vZ2xl\/AVvXsEh7Wg9KKCFpz4w4J-MXpy73iNYy5RhHE11ENc8Q1pdp8ldDji9OUyT-K5irve63ND3TQ1jkdq-wK8w6YzcasiSCKcnbdy4hH06RILNrHg4doETBC0Pg-3c0qGlwNVR3usUOWCTY\/s1600\/20140915_171620.jpg\" style=\"margin-left: 1em; margin-right: 1em;\"><img loading=\"lazy\" decoding=\"async\" border=\"0\" src=\"https:\/\/blogger.googleusercontent.com\/img\/b\/R29vZ2xl\/AVvXsEh7Wg9KKCFpz4w4J-MXpy73iNYy5RhHE11ENc8Q1pdp8ldDji9OUyT-K5irve63ND3TQ1jkdq-wK8w6YzcasiSCKcnbdy4hH06RILNrHg4doETBC0Pg-3c0qGlwNVR3usUOWCTY\/s1600\/20140915_171620.jpg\" height=\"240\" width=\"320\" \/><\/a><\/div>\n<div>\n<span style=\"font-family: Arial, Helvetica, sans-serif;\"><br \/><\/span><\/div>\n<div>\n<span style=\"font-family: Arial, Helvetica, sans-serif;\">Yukar\u0131daki resimde 16 \u00e7ok de\u011ferli insan\u0131n resmi var, g\u00f6revlerine bakt\u0131\u011f\u0131mda &#8220;Parti i\u00e7i E\u011fitim&#8221; bile var ama \u00fclkenin en \u00f6nemli olmas\u0131 gereken konusu &#8220;E\u011fitim\/\u00d6\u011fretim&#8221; konusunda kimse yok. Demek ki bu konu sorun de\u011fil herkes durumdan memnun ya da bir \u00e7\u00f6z\u00fcm \u00f6nerisi yok.<\/span><\/div>\n<div>\n<span style=\"font-family: Arial, Helvetica, sans-serif;\">&nbsp;<\/span><\/div>\n<div>\n<span style=\"font-family: Arial, Helvetica, sans-serif;\">Son s\u00f6z olarak, e\u011fer yeni nesillerimizi bu \u00e7a\u011f\u0131n gere\u011fi olan alan bilgisi, meslek bilgisi, yan\u0131nda ileti\u015fim becerilerine, ortak \u00e7al\u0131\u015fma becerilerine sahip, yarat\u0131c\u0131 d\u00fc\u015f\u00fcnme becerileriyle donanm\u0131\u015f, ele\u015ftirel d\u00fc\u015f\u00fcnebilen, algoritmik problem becerilerine sahip, bilgisayarca d\u00fc\u015f\u00fcnebilen (Computational Thinking) media ve bili\u015fim teknolojilerine hakim \u00fcretici bireyler haline getiremezsek o me\u015fhur tren gene ka\u00e7acak gibi. Bundan 50 y\u0131l sonra babayi\u011fitler aramak yerine bug\u00fcnden &nbsp;E\u011fitime gereken \u00f6nemi vererek i\u015fe ba\u015flamakta ve kararla s\u00fcrd\u00fcrmekte fayda var.<\/span><\/div>\n<div>\n<span style=\"font-family: Arial, Helvetica, sans-serif;\"><br \/><\/span><\/div>\n<div>\n<span style=\"font-family: Arial, Helvetica, sans-serif;\">Sayg\u0131lar\u0131mla<\/span><\/div>\n<div>\n<span style=\"font-family: Arial, Helvetica, sans-serif;\"><br \/><\/span><\/div>\n<div>\n<span style=\"font-family: Arial, Helvetica, sans-serif;\">M. Ya\u015far \u00d6zden<\/span><\/div>\n<div>\n<span style=\"font-family: Arial, Helvetica, sans-serif;\"><br \/><\/span><\/div>\n<div>\n<span style=\"font-family: Arial, Helvetica, sans-serif;\"><br \/><\/span><\/div>\n<div>\n<\/div>\n","protected":false},"excerpt":{"rendered":"<p>merhaba: Soru \u00e7ok basit &#8220;Ekonomide yapt\u0131\u011f\u0131m\u0131z\u0131 E\u011fitimde yapamaz m\u0131y\u0131z?&#8221; bu soruyu sormam\u0131n nedeni 12 Eyl\u00fcl 2014 tarihinde yay\u0131nlanan ve Enver Aysever&#8217;in sundu\u011fu &#8220;Ayk\u0131r\u0131 Sorular&#8221; program\u0131nda &#8220;&#8230;Bir \u00fclkede e\u011fitim alan\u0131nda yap\u0131lan reformlar\u0131n sonu\u00e7lar\u0131n\u0131n en az 10 y\u0131lda kar\u015f\u0131l\u0131k bulaca\u011f\u0131n\u0131 &#8230; &#8221; s\u00f6ylemi\u015ftim. Programa birlikte kat\u0131ld\u0131\u011f\u0131m say\u0131n M\u00fcge \u0130plik\u00e7i bu c\u00fcmlemi 15 Eyl\u00fcl 2014 tarhinde Vatan Gazetesinde yazm\u0131\u015f oldu\u011fu yaz\u0131da tekrar vurgulam\u0131\u015f. Evet, E\u011fitim alan\u0131nda yap\u0131lan ve ba\u015far\u0131l\u0131 olmu\u015f de\u011fi\u015fimler hep zaman alm\u0131\u015ft\u0131r.&nbsp; Bu veriyle yola ba\u015flay\u0131nca bizim i\u00e7inde re\u00e7ete, ger\u00e7ekle\u015ftirilecek de\u011fi\u015fimler i\u00e7in yeteri kadar zaman\u0131 verecek \u00e7\u00f6z\u00fcmler \u00fczerinde d\u00fc\u015f\u00fcnmemizi ve uygulama ba\u015flad\u0131ktan sonra s\u00fcrekli olarak \u00f6l\u00e7memizi ve de\u011ferlendirmemizi bu i\u015flemlerin sonucunda e\u011fer gerekiyorsa d\u00fczeltmeler yapmam\u0131z\u0131 s\u00f6yl\u00fcyor. Bu s\u00f6yledi\u011fim \u015feyler \u00e7ok da kolay de\u011fil. \u00dclkemizde Milli E\u011fitim konusunda yap\u0131lanlara bak\u0131nca yukar\u0131da yazd\u0131klar\u0131m\u0131n hayal bile edilemeyece\u011fi bir ger\u00e7ek olarak kar\u015f\u0131m\u0131za \u00e7\u0131k\u0131yor.&nbsp; Bunun benzeri bir durum 90&#8217;l\u0131 y\u0131llar\u0131n sonu 2000&#8217;lerin ba\u015f\u0131na kadar ekonomi alan\u0131nda aynen bir kadermi\u015f gibi y\u0131llarca \u00fclke olarak bizleri rahats\u0131z etti, ta ki Kemal Dervi\u015f&#8217;in gelip o me\u015fhur de\u011fi\u015fim\/d\u00f6n\u00fc\u015f\u00fcmleri yapmas\u0131na kadar. Kemal Dervi\u015f&#8217;in ba\u015far\u0131s\u0131n\u0131n arkas\u0131nda o program\u0131n uygulamas\u0131na olanak sa\u011flayan siyasi irade ve kararl\u0131l\u0131k vard\u0131. Ekonomide o d\u00f6nemde ba\u015flayan bu program hi\u00e7 taviz verilmeden k\u00fc\u00e7\u00fck de\u011fi\u015fimlerle g\u00fcn\u00fcm\u00fcze kadar uyguland\u0131. Bu program\u0131n eksileri ve art\u0131lar\u0131 ekonomistler taraf\u0131ndan tart\u0131\u015f\u0131labilir ama ba\u015far\u0131s\u0131n\u0131n arkas\u0131nda kararl\u0131 bir siyasi irade oldu\u011fu konusunda galiba \u00e7ok daha fazla destek bulunabilir. Ekonomi konusunda bu kadar kararl\u0131 olan son d\u00f6nemki iktidar nedense ayn\u0131 kararl\u0131l\u0131\u011f\u0131 e\u011fitim sistemimizde g\u00f6steremiyor. S\u00fcrekli olarak yap\u0131lan reformlar faydadan fazla zarar getiriyor. Bu c\u00fcmlemi destekleyecek uluslararas\u0131 bir\u00e7ok kaynak bulmak m\u00fcmk\u00fcn (PISA, TIMMS vb.)&nbsp; E\u011fitim, sadece \u00e7ouklar\u0131m\u0131z\u0131n okula gitmesiyle s\u0131n\u0131rl\u0131 bir olgu de\u011fil, ekonomi de e\u011fitimle do\u011frudan ilgili (Orta Gelir Tuza\u011f\u0131?). \u00c7a\u011f\u0131n gereklerine g\u00f6re yeti\u015fmi\u015f insan g\u00fcc\u00fcn\u00fcz yoksa g\u00fcn\u00fcm\u00fcz\u00fcn d\u00fcnyas\u0131nda var olmak \u00e7ok da kolay de\u011fil. Dolay\u0131s\u0131yla, bu \u00e7a\u011f\u0131n bilgi ve beceriyle donanm\u0131\u015f bireyleri yeti\u015ftirmek \u00fczere E\u011fitim Sistemini yeniden yap\u0131land\u0131rmam\u0131z ve bu de\u011fi\u015fim i\u00e7in gerekli zaman\u0131 vermeliyiz.&nbsp; Fakat \u00fclkemizde E\u011fitim konusunda en \u00f6nemli c\u00fcmle galiba &#8220;E\u011fitim \u015eart&#8221;. E\u011fitim ne yaz\u0131k ki bunun \u00f6tesine ge\u00e7emiyor. Bug\u00fcn \u00e7\u0131kan gazetelerde ana muhalefet partisiyle ilgili haberler yer al\u0131yordu.&nbsp; Yukar\u0131daki resimde 16 \u00e7ok de\u011ferli insan\u0131n resmi var, g\u00f6revlerine bakt\u0131\u011f\u0131mda &#8220;Parti i\u00e7i E\u011fitim&#8221; bile var ama \u00fclkenin en \u00f6nemli olmas\u0131 gereken konusu &#8220;E\u011fitim\/\u00d6\u011fretim&#8221; konusunda kimse yok. Demek ki bu konu sorun de\u011fil herkes durumdan memnun ya da bir \u00e7\u00f6z\u00fcm \u00f6nerisi yok. &nbsp; Son s\u00f6z olarak, e\u011fer yeni nesillerimizi bu \u00e7a\u011f\u0131n gere\u011fi olan alan bilgisi, meslek bilgisi, yan\u0131nda ileti\u015fim becerilerine, ortak \u00e7al\u0131\u015fma becerilerine sahip, yarat\u0131c\u0131 d\u00fc\u015f\u00fcnme becerileriyle donanm\u0131\u015f, ele\u015ftirel d\u00fc\u015f\u00fcnebilen, algoritmik problem becerilerine sahip, bilgisayarca d\u00fc\u015f\u00fcnebilen (Computational Thinking) media ve bili\u015fim teknolojilerine hakim \u00fcretici bireyler haline getiremezsek o me\u015fhur tren gene ka\u00e7acak gibi. Bundan 50 y\u0131l sonra babayi\u011fitler aramak yerine bug\u00fcnden &nbsp;E\u011fitime gereken \u00f6nemi vererek i\u015fe ba\u015flamakta ve kararla s\u00fcrd\u00fcrmekte fayda var. Sayg\u0131lar\u0131mla M. Ya\u015far \u00d6zden<\/p>\n","protected":false},"author":1,"featured_media":0,"comment_status":"open","ping_status":"open","sticky":false,"template":"","format":"standard","meta":{"footnotes":""},"categories":[1],"tags":[],"class_list":["post-317","post","type-post","status-publish","format-standard","hentry","category-uncategorized"],"acf":[],"_links":{"self":[{"href":"https:\/\/myozden.info\/index.php\/wp-json\/wp\/v2\/posts\/317","targetHints":{"allow":["GET"]}}],"collection":[{"href":"https:\/\/myozden.info\/index.php\/wp-json\/wp\/v2\/posts"}],"about":[{"href":"https:\/\/myozden.info\/index.php\/wp-json\/wp\/v2\/types\/post"}],"author":[{"embeddable":true,"href":"https:\/\/myozden.info\/index.php\/wp-json\/wp\/v2\/users\/1"}],"replies":[{"embeddable":true,"href":"https:\/\/myozden.info\/index.php\/wp-json\/wp\/v2\/comments?post=317"}],"version-history":[{"count":0,"href":"https:\/\/myozden.info\/index.php\/wp-json\/wp\/v2\/posts\/317\/revisions"}],"wp:attachment":[{"href":"https:\/\/myozden.info\/index.php\/wp-json\/wp\/v2\/media?parent=317"}],"wp:term":[{"taxonomy":"category","embeddable":true,"href":"https:\/\/myozden.info\/index.php\/wp-json\/wp\/v2\/categories?post=317"},{"taxonomy":"post_tag","embeddable":true,"href":"https:\/\/myozden.info\/index.php\/wp-json\/wp\/v2\/tags?post=317"}],"curies":[{"name":"wp","href":"https:\/\/api.w.org\/{rel}","templated":true}]}}