{"id":316,"date":"2014-10-06T10:26:00","date_gmt":"2014-10-06T13:26:00","guid":{"rendered":"https:\/\/myozden.info\/index.php\/2014\/10\/06\/avrupa-birliginde-11-17-ekim-haftasi-cocuklara-ve-genclere-bilgisayar-programi-yazmayi-ogretme-haftasi-code-week-eu-ilan-edildi\/"},"modified":"2014-10-06T10:26:00","modified_gmt":"2014-10-06T13:26:00","slug":"avrupa-birliginde-11-17-ekim-haftasi-cocuklara-ve-genclere-bilgisayar-programi-yazmayi-ogretme-haftasi-code-week-eu-ilan-edildi","status":"publish","type":"post","link":"https:\/\/myozden.info\/index.php\/2014\/10\/06\/avrupa-birliginde-11-17-ekim-haftasi-cocuklara-ve-genclere-bilgisayar-programi-yazmayi-ogretme-haftasi-code-week-eu-ilan-edildi\/","title":{"rendered":"Avrupa Birli\u011fi\u2019nde 11- 17 Ekim haftas\u0131, \u00e7ocuklara ve gen\u00e7lere bilgisayar program\u0131 yazmay\u0131 \u00f6\u011fretme haftas\u0131 (Code Week EU) ilan edildi."},"content":{"rendered":"<p><span style=\"font-family: Arial, Helvetica, sans-serif;\">merhaba:<br \/>D\u00fcnya Gazetesinde&nbsp;Edip Emil \u00d6YMEN taraf\u0131ndan kaleme al\u0131nan &#8220;<a href=\"http:\/\/www.dunya.com\/cocuklar-kod-ogreniyor-157318yy.htm\" target=\"_blank\">\u00c7ocuklar kod \u00f6\u011freniyor<\/a>&#8221; ba\u015fl\u0131kl\u0131 yaz\u0131n\u0131n ilk paragraf\u0131nda &#8220;&#8230;Avrupa Birli\u011fi\u2019nde 11- 17 Ekim haftas\u0131, \u00e7ocuklara ve gen\u00e7lere bilgisayar program\u0131 yazmay\u0131 \u00f6\u011fretme haftas\u0131 (Code Week EU) ilan edildi. Bu hafta, AB \u00fcyesi olmasa da T\u00fcrkiye\u2019ye de gayr\u0131resmi olarak yans\u0131yacak. Haftadan ama\u00e7, yaz\u0131l\u0131m\u0131, m\u00fcmk\u00fcn oldu\u011fu kadar gen\u00e7 ya\u015fta, gelecek ku\u015fa\u011fa tan\u0131tmak. \u0130lgisini \u00e7ekmek. Denemeye te\u015fvik etmek&#8230; &#8221; deniyor ve yaz\u0131n\u0131n devam\u0131nda bu konuda yap\u0131lacak olanlar konusunda bilgi veriliyor.&nbsp;<\/span><br \/>\n<span style=\"font-family: Arial, Helvetica, sans-serif;\">Asl\u0131nda, bu konuda yaz\u0131lanlar\u0131 g\u00f6r\u00fcnce y\u0131llard\u0131r bo\u015funa u\u011fra\u015fmad\u0131\u011f\u0131m\u0131 g\u00f6r\u00fcp biraz umutlan\u0131yorum ama hala ayn\u0131 yanl\u0131\u015flar\u0131n devam etti\u011fini g\u00f6r\u00fcnce bu iyimser halim ne yaz\u0131k ki devam edemiyor. 2009&#8217;dan itibaren bu konularda g\u00fcncemde payla\u015ft\u0131\u011f\u0131m yaz\u0131lar\u0131 b\u00fct\u00fcn halinde g\u00f6rebilmeniz i\u00e7in bir adres toparlama d\u00f6k\u00fcman\u0131n\u0131 payla\u015faca\u011f\u0131m;<\/span><br \/>\n<span style=\"font-family: Arial, Helvetica, sans-serif;\"><br \/><\/span><\/p>\n<div>\n<\/div>\n<h3 style=\"background: white; margin-bottom: .0001pt; margin-bottom: 0cm; margin-left: 0cm; margin-right: 0cm; margin-top: 9.0pt;\">\n<span style=\"color: #222222; font-family: &quot;Arial&quot;,&quot;sans-serif&quot;; font-size: 16.5pt; font-weight: normal;\">Neden<br \/>\nBilgisayar \u00d6\u011fretmeni Olur?<o:p><\/o:p><\/span><\/h3>\n<div>\n<span lang=\"EN-US\"><a href=\"http:\/\/myozden.blogspot.com.tr\/2010\/10\/neden-bilgisayar-ogretmeni-olur.html\">http:\/\/myozden.blogspot.com.tr\/2010\/10\/neden-bilgisayar-ogretmeni-olur.html<\/a><o:p><\/o:p><\/span><\/div>\n<h3 style=\"background: white; margin-bottom: .0001pt; margin-bottom: 0cm; margin-left: 0cm; margin-right: 0cm; margin-top: 9.0pt;\">\n<span style=\"color: #222222; font-family: &quot;Arial&quot;,&quot;sans-serif&quot;; font-size: 16.5pt; font-weight: normal;\">Neden<br \/>\nBilgisayar \u00d6\u011fretmeni Olmal\u0131d\u0131r..<o:p><\/o:p><\/span><\/h3>\n<div>\n<span lang=\"EN-US\"><a href=\"http:\/\/myozden.blogspot.com.tr\/2014\/08\/neden-bilgisayar-ogretmeni-olur-2.html\">http:\/\/myozden.blogspot.com.tr\/2014\/08\/neden-bilgisayar-ogretmeni-olur-2.html<\/a><o:p><\/o:p><\/span><\/div>\n<h3 style=\"background: white; margin-bottom: .0001pt; margin-bottom: 0cm; margin-left: 0cm; margin-right: 0cm; margin-top: 9.0pt;\">\n<span style=\"color: #222222; font-family: &quot;Arial&quot;,&quot;sans-serif&quot;; font-size: 16.5pt; font-weight: normal;\">Teknolojik<br \/>\nFormasyon? Ne olabilir ki?<o:p><\/o:p><\/span><\/h3>\n<div>\n<span lang=\"EN-US\"><a href=\"http:\/\/myozden.blogspot.com.tr\/2012\/01\/teknolojik-formasyon-ne-olabilir-ki.html\">http:\/\/myozden.blogspot.com.tr\/2012\/01\/teknolojik-formasyon-ne-olabilir-ki.html<\/a><o:p><\/o:p><\/span><\/div>\n<h3 style=\"background: white; margin-bottom: .0001pt; margin-bottom: 0cm; margin-left: 0cm; margin-right: 0cm; margin-top: 9.0pt;\">\n<span style=\"color: #222222; font-family: &quot;Arial&quot;,&quot;sans-serif&quot;; font-size: 16.5pt; font-weight: normal;\">Orta Gelir<br \/>\nTuza\u011f\u0131 Kader mi?<o:p><\/o:p><\/span><\/h3>\n<div>\n<span lang=\"EN-US\"><a href=\"http:\/\/myozden.blogspot.com.tr\/2014\/07\/orta-gelir-tuzag-kader-mi.html\">http:\/\/myozden.blogspot.com.tr\/2014\/07\/orta-gelir-tuzag-kader-mi.html<\/a><o:p><\/o:p><\/span><\/div>\n<h3 style=\"background: white; margin-bottom: .0001pt; margin-bottom: 0cm; margin-left: 0cm; margin-right: 0cm; margin-top: 9.0pt;\">\n<span style=\"color: #222222; font-family: &quot;Arial&quot;,&quot;sans-serif&quot;; font-size: 16.5pt; font-weight: normal;\">Bilgisayar<br \/>\nve \u00d6\u011fretim Teknolojileri E\u011fitimi B\u00f6l\u00fcmlerinin Ba\u015flang\u0131c\u0131?<o:p><\/o:p><\/span><\/h3>\n<div>\n<span lang=\"EN-US\"><a href=\"http:\/\/myozden.blogspot.com.tr\/2014\/04\/bilgisayar-ve-ogretim-teknolojileri.html\">http:\/\/myozden.blogspot.com.tr\/2014\/04\/bilgisayar-ve-ogretim-teknolojileri.html<\/a><o:p><\/o:p><\/span><\/div>\n<h3 style=\"background: white; margin-bottom: .0001pt; margin-bottom: 0cm; margin-left: 0cm; margin-right: 0cm; margin-top: 9.0pt;\">\n<span style=\"color: #222222; font-family: &quot;Arial&quot;,&quot;sans-serif&quot;; font-size: 16.5pt; font-weight: normal;\">President<br \/>\nObama asks America to learn computer science (ben soyleyince olmuyor :-))<o:p><\/o:p><\/span><\/h3>\n<div>\n<span lang=\"EN-US\"><a href=\"http:\/\/myozden.blogspot.com.tr\/2014\/02\/president-obama-asks-america-to-learn.html\">http:\/\/myozden.blogspot.com.tr\/2014\/02\/president-obama-asks-america-to-learn.html<\/a><o:p><\/o:p><\/span><\/div>\n<div>\n<span style=\"color: #222222; font-family: &quot;Arial&quot;,&quot;sans-serif&quot;; font-size: 16.5pt; line-height: 115%; mso-ansi-language: TR; mso-fareast-font-family: &quot;Times New Roman&quot;; mso-fareast-language: TR;\"><br \/><\/span><\/div>\n<div>\n<span style=\"color: #222222; font-family: &quot;Arial&quot;,&quot;sans-serif&quot;; font-size: 16.5pt; line-height: 115%; mso-ansi-language: TR; mso-fareast-font-family: &quot;Times New Roman&quot;; mso-fareast-language: TR;\">B\u00d6TE \u00d6\u011fretmeni ? konusundaki<br \/>\nkritik 4 soru<o:p><\/o:p><\/span><\/div>\n<div>\n<span lang=\"EN-US\"><a href=\"http:\/\/myozden.blogspot.com.tr\/2009\/10\/merhaba-gecenlerde-milli-egitim.html\">http:\/\/myozden.blogspot.com.tr\/2009\/10\/merhaba-gecenlerde-milli-egitim.html<\/a><o:p><\/o:p><\/span><\/div>\n<div>\n<span lang=\"EN-US\" style=\"background: white; color: #222222; font-family: &quot;Arial&quot;,&quot;sans-serif&quot;; font-size: 10.0pt; line-height: 115%;\">1) Bilgisayar<br \/>\nve \u00f6\u011fretim tek. \u00f6\u011fretmenli\u011fi b\u00f6l\u00fcm\u00fcn\u00fcn avrupada kar\u015f\u0131l\u0131\u011f\u0131 var m\u0131? E\u011fer varsa bu<br \/>\nb\u00f6l\u00fcmden mezun olanlar avrupada ne i\u015f yaparlar?<\/span><span lang=\"EN-US\" style=\"color: #222222; font-family: &quot;Arial&quot;,&quot;sans-serif&quot;; font-size: 10.0pt; line-height: 115%;\"><\/p>\n<p><span style=\"background: white;\">2) Bu<br \/>\nb\u00f6l\u00fcm her ge\u00e7en y\u0131l yeni \u00fcniversitelere a\u00e7\u0131lmakta ve \u00f6\u011frenci almakta. Fakat<br \/>\nokullarda girebilece\u011fimiz ders saatleri de paralalinde azalmakta. Bu b\u00f6l\u00fcmler<br \/>\nneden a\u00e7\u0131l\u0131yor?<\/span><\/p>\n<p><span style=\"background: white;\">3) Bu<br \/>\nb\u00f6l\u00fcm\u00fcn \u00e7al\u0131\u015fma alanlar\u0131 nedir? ve bu b\u00f6l\u00fcm\u00fcn gelece\u011fi ne olacak?<\/span><\/p>\n<p><span style=\"background: white;\">4)<br \/>\nBizler gelecekte \u00f6\u011fretmen olarak kalacak m\u0131y\u0131z yoksa ba\u015fka alanlarda m\u0131<br \/>\nde\u011ferlendirilece\u011fiz?<o:p><\/o:p><\/span><\/span><\/div>\n<div style=\"background: white; margin-top: 9pt;\">\n<a href=\"https:\/\/www.blogger.com\/null\" name=\"6886171264826394136\"><\/a><span style=\"color: #222222; font-family: &quot;Arial&quot;,&quot;sans-serif&quot;; font-size: 16.5pt; mso-ansi-language: TR; mso-fareast-font-family: &quot;Times New Roman&quot;; mso-fareast-language: TR;\">Say\u0131sal Yar\u0131lma,<br \/>\n\u0130kinci K\u0131r\u0131lma<o:p><\/o:p><\/span><\/div>\n<div>\n<span lang=\"EN-US\"><a href=\"http:\/\/myozden.blogspot.com.tr\/2009\/08\/merhaba-ulkemizde-temel-egitimin-1-12.html\">http:\/\/myozden.blogspot.com.tr\/2009\/08\/merhaba-ulkemizde-temel-egitimin-1-12.html<\/a><o:p><\/o:p><\/span><\/div>\n<p><\/p>\n<div>\n<\/div>\n<div>\n<span style=\"font-family: Arial, Helvetica, sans-serif;\">Hepimizin Code Week EU&#8217;su hay\u0131rl\u0131 olsun. Bu vesileyle tekrar hat\u0131rlatmakta fayda var, gen\u00e7lerimizin ve \u00e7o\u00e7uklar\u0131m\u0131z\u0131n hayata haz\u0131r olabilmeleri i\u00e7in 21. y\u00fczy\u0131l becerileri aras\u0131nda yer alan Teknoloji Formasyona sahip olmalar\u0131 vazge\u00e7ilemez bir beceri gurubudur. Bu beceriler ancak okul\u00f6ncesinden ba\u015flayarak okullar\u0131m\u0131zda bu konuda yeti\u015fmi\u015f \u00f6\u011fretmenler taraf\u0131ndan kazand\u0131r\u0131labilir. Ne kazand\u0131r\u0131lacak sorusunun cevab\u0131 ise; Algoritmik, Bilgisayarca d\u00fc\u015f\u00fcnme (computational thinking) becerileridir. Bu becerilerle donat\u0131lm\u0131\u015f gen\u00e7ler t\u00fcketici bilgisayar kullan\u0131c\u0131lar\u0131 olmaktan \u00e7\u0131k\u0131p \u00fcretici bireyler haline geleceklerdir.<\/span><\/div>\n<div>\n<span style=\"font-family: Arial, Helvetica, sans-serif;\"><br \/><\/span><\/div>\n<div>\n<span style=\"font-family: Arial, Helvetica, sans-serif;\">Sayg\u0131lar\u0131mla<\/span><\/div>\n<div>\n<span style=\"font-family: Arial, Helvetica, sans-serif;\">M. Ya\u015far \u00d6zden<\/span><\/div>\n<div>\n<span style=\"font-family: Arial, Helvetica, sans-serif;\"><br \/><\/span><\/div>\n<div>\n<span style=\"font-family: Arial, Helvetica, sans-serif;\"><br \/><\/span><\/div>\n<div>\n<span lang=\"EN-US\"><br \/><\/span><\/div>\n","protected":false},"excerpt":{"rendered":"<p>merhaba:D\u00fcnya Gazetesinde&nbsp;Edip Emil \u00d6YMEN taraf\u0131ndan kaleme al\u0131nan &#8220;\u00c7ocuklar kod \u00f6\u011freniyor&#8221; ba\u015fl\u0131kl\u0131 yaz\u0131n\u0131n ilk paragraf\u0131nda &#8220;&#8230;Avrupa Birli\u011fi\u2019nde 11- 17 Ekim haftas\u0131, \u00e7ocuklara ve gen\u00e7lere bilgisayar program\u0131 yazmay\u0131 \u00f6\u011fretme haftas\u0131 (Code Week EU) ilan edildi. Bu hafta, AB \u00fcyesi olmasa da T\u00fcrkiye\u2019ye de gayr\u0131resmi olarak yans\u0131yacak. Haftadan ama\u00e7, yaz\u0131l\u0131m\u0131, m\u00fcmk\u00fcn oldu\u011fu kadar gen\u00e7 ya\u015fta, gelecek ku\u015fa\u011fa tan\u0131tmak. \u0130lgisini \u00e7ekmek. Denemeye te\u015fvik etmek&#8230; &#8221; deniyor ve yaz\u0131n\u0131n devam\u0131nda bu konuda yap\u0131lacak olanlar konusunda bilgi veriliyor.&nbsp; Asl\u0131nda, bu konuda yaz\u0131lanlar\u0131 g\u00f6r\u00fcnce y\u0131llard\u0131r bo\u015funa u\u011fra\u015fmad\u0131\u011f\u0131m\u0131 g\u00f6r\u00fcp biraz umutlan\u0131yorum ama hala ayn\u0131 yanl\u0131\u015flar\u0131n devam etti\u011fini g\u00f6r\u00fcnce bu iyimser halim ne yaz\u0131k ki devam edemiyor. 2009&#8217;dan itibaren bu konularda g\u00fcncemde payla\u015ft\u0131\u011f\u0131m yaz\u0131lar\u0131 b\u00fct\u00fcn halinde g\u00f6rebilmeniz i\u00e7in bir adres toparlama d\u00f6k\u00fcman\u0131n\u0131 payla\u015faca\u011f\u0131m; Neden Bilgisayar \u00d6\u011fretmeni Olur? http:\/\/myozden.blogspot.com.tr\/2010\/10\/neden-bilgisayar-ogretmeni-olur.html Neden Bilgisayar \u00d6\u011fretmeni Olmal\u0131d\u0131r.. http:\/\/myozden.blogspot.com.tr\/2014\/08\/neden-bilgisayar-ogretmeni-olur-2.html Teknolojik Formasyon? Ne olabilir ki? http:\/\/myozden.blogspot.com.tr\/2012\/01\/teknolojik-formasyon-ne-olabilir-ki.html Orta Gelir Tuza\u011f\u0131 Kader mi? http:\/\/myozden.blogspot.com.tr\/2014\/07\/orta-gelir-tuzag-kader-mi.html Bilgisayar ve \u00d6\u011fretim Teknolojileri E\u011fitimi B\u00f6l\u00fcmlerinin Ba\u015flang\u0131c\u0131? http:\/\/myozden.blogspot.com.tr\/2014\/04\/bilgisayar-ve-ogretim-teknolojileri.html President Obama asks America to learn computer science (ben soyleyince olmuyor :-)) http:\/\/myozden.blogspot.com.tr\/2014\/02\/president-obama-asks-america-to-learn.html B\u00d6TE \u00d6\u011fretmeni ? konusundaki kritik 4 soru http:\/\/myozden.blogspot.com.tr\/2009\/10\/merhaba-gecenlerde-milli-egitim.html 1) Bilgisayar ve \u00f6\u011fretim tek. \u00f6\u011fretmenli\u011fi b\u00f6l\u00fcm\u00fcn\u00fcn avrupada kar\u015f\u0131l\u0131\u011f\u0131 var m\u0131? E\u011fer varsa bu b\u00f6l\u00fcmden mezun olanlar avrupada ne i\u015f yaparlar? 2) Bu b\u00f6l\u00fcm her ge\u00e7en y\u0131l yeni \u00fcniversitelere a\u00e7\u0131lmakta ve \u00f6\u011frenci almakta. Fakat okullarda girebilece\u011fimiz ders saatleri de paralalinde azalmakta. Bu b\u00f6l\u00fcmler neden a\u00e7\u0131l\u0131yor? 3) Bu b\u00f6l\u00fcm\u00fcn \u00e7al\u0131\u015fma alanlar\u0131 nedir? ve bu b\u00f6l\u00fcm\u00fcn gelece\u011fi ne olacak? 4) Bizler gelecekte \u00f6\u011fretmen olarak kalacak m\u0131y\u0131z yoksa ba\u015fka alanlarda m\u0131 de\u011ferlendirilece\u011fiz? Say\u0131sal Yar\u0131lma, \u0130kinci K\u0131r\u0131lma http:\/\/myozden.blogspot.com.tr\/2009\/08\/merhaba-ulkemizde-temel-egitimin-1-12.html Hepimizin Code Week EU&#8217;su hay\u0131rl\u0131 olsun. Bu vesileyle tekrar hat\u0131rlatmakta fayda var, gen\u00e7lerimizin ve \u00e7o\u00e7uklar\u0131m\u0131z\u0131n hayata haz\u0131r olabilmeleri i\u00e7in 21. y\u00fczy\u0131l becerileri aras\u0131nda yer alan Teknoloji Formasyona sahip olmalar\u0131 vazge\u00e7ilemez bir beceri gurubudur. Bu beceriler ancak okul\u00f6ncesinden ba\u015flayarak okullar\u0131m\u0131zda bu konuda yeti\u015fmi\u015f \u00f6\u011fretmenler taraf\u0131ndan kazand\u0131r\u0131labilir. Ne kazand\u0131r\u0131lacak sorusunun cevab\u0131 ise; Algoritmik, Bilgisayarca d\u00fc\u015f\u00fcnme (computational thinking) becerileridir. Bu becerilerle donat\u0131lm\u0131\u015f gen\u00e7ler t\u00fcketici bilgisayar kullan\u0131c\u0131lar\u0131 olmaktan \u00e7\u0131k\u0131p \u00fcretici bireyler haline geleceklerdir. Sayg\u0131lar\u0131mla M. Ya\u015far \u00d6zden<\/p>\n","protected":false},"author":1,"featured_media":0,"comment_status":"open","ping_status":"open","sticky":false,"template":"","format":"standard","meta":{"footnotes":""},"categories":[1],"tags":[],"class_list":["post-316","post","type-post","status-publish","format-standard","hentry","category-uncategorized"],"acf":[],"_links":{"self":[{"href":"https:\/\/myozden.info\/index.php\/wp-json\/wp\/v2\/posts\/316","targetHints":{"allow":["GET"]}}],"collection":[{"href":"https:\/\/myozden.info\/index.php\/wp-json\/wp\/v2\/posts"}],"about":[{"href":"https:\/\/myozden.info\/index.php\/wp-json\/wp\/v2\/types\/post"}],"author":[{"embeddable":true,"href":"https:\/\/myozden.info\/index.php\/wp-json\/wp\/v2\/users\/1"}],"replies":[{"embeddable":true,"href":"https:\/\/myozden.info\/index.php\/wp-json\/wp\/v2\/comments?post=316"}],"version-history":[{"count":0,"href":"https:\/\/myozden.info\/index.php\/wp-json\/wp\/v2\/posts\/316\/revisions"}],"wp:attachment":[{"href":"https:\/\/myozden.info\/index.php\/wp-json\/wp\/v2\/media?parent=316"}],"wp:term":[{"taxonomy":"category","embeddable":true,"href":"https:\/\/myozden.info\/index.php\/wp-json\/wp\/v2\/categories?post=316"},{"taxonomy":"post_tag","embeddable":true,"href":"https:\/\/myozden.info\/index.php\/wp-json\/wp\/v2\/tags?post=316"}],"curies":[{"name":"wp","href":"https:\/\/api.w.org\/{rel}","templated":true}]}}