{"id":306,"date":"2015-03-25T07:41:00","date_gmt":"2015-03-25T10:41:00","guid":{"rendered":"https:\/\/myozden.info\/index.php\/2015\/03\/25\/finlandiya-alan-egitimini-birakiyor-mu\/"},"modified":"2015-03-25T07:41:00","modified_gmt":"2015-03-25T10:41:00","slug":"finlandiya-alan-egitimini-birakiyor-mu","status":"publish","type":"post","link":"https:\/\/myozden.info\/index.php\/2015\/03\/25\/finlandiya-alan-egitimini-birakiyor-mu\/","title":{"rendered":"Finlandiya Alan E\u011fitimini B\u0131rak\u0131yor mu?"},"content":{"rendered":"<p><span style=\"font-family: Arial, Helvetica, sans-serif;\">merhaba:<\/span><\/p>\n<div>\n<span style=\"font-family: Arial, Helvetica, sans-serif;\">son g\u00fcnlerde yerli, yabanc\u0131 bas\u0131nda ve sosyal mediada Finlilerin art\u0131k alan \u00f6\u011fretimi yapmayaca\u011f\u0131na y\u00f6nelik haber \u00e7okca yer almaya ba\u015flad\u0131;<\/span><\/div>\n<div>\n<span style=\"font-family: Arial, Helvetica, sans-serif;\"><br \/><\/span><\/div>\n<div>\n<span style=\"font-family: Arial, Helvetica, sans-serif;\"><a href=\"http:\/\/www.washingtonpost.com\/blogs\/wonkblog\/wp\/2015\/03\/24\/finlands-radical-new-plan-to-change-school-means-an-end-to-math-and-history-class\/\" target=\"_blank\">Washington Post<\/a><\/span><\/div>\n<div>\n<\/div>\n<div>\n<span style=\"font-family: Arial, Helvetica, sans-serif;\"><a href=\"http:\/\/www.independent.co.uk\/news\/world\/europe\/finland-schools-subjects-are-out-and-topics-are-in-as-country-reforms-its-education-system-10123911.html?cmipid=fb\" target=\"_blank\">The Independent<\/a><\/span><\/div>\n<div>\n<\/div>\n<div style=\"clear: both; text-align: center;\">\n<a href=\"https:\/\/blogger.googleusercontent.com\/img\/b\/R29vZ2xl\/AVvXsEiQuNvcAxkP6lVaTP1-TkyguAY1JfiPAHuT3a539PU97J1ntVRDN8sjhFxuGbs5onUsjmrAi7I1P8OUj6Wg6wjVKRSRop4z5DRi1R7ruxOxv5O7sZsgJVhXvKsNMAp3mu81MKj4\/s1600\/YeniFinMucicesi.png\" style=\"margin-left: 1em; margin-right: 1em;\"><img loading=\"lazy\" decoding=\"async\" border=\"0\" src=\"https:\/\/blogger.googleusercontent.com\/img\/b\/R29vZ2xl\/AVvXsEiQuNvcAxkP6lVaTP1-TkyguAY1JfiPAHuT3a539PU97J1ntVRDN8sjhFxuGbs5onUsjmrAi7I1P8OUj6Wg6wjVKRSRop4z5DRi1R7ruxOxv5O7sZsgJVhXvKsNMAp3mu81MKj4\/s1600\/YeniFinMucicesi.png\" height=\"223\" width=\"400\" \/><\/a><\/div>\n<div>\n<span style=\"font-family: Arial, Helvetica, sans-serif;\"><br \/><\/span><\/div>\n<div>\n<span style=\"font-family: Arial, Helvetica, sans-serif;\">Bu konuda Facebook ve Twitter&#8217;da a\u015fa\u011f\u0131daki yaz\u0131y\u0131 payla\u015ft\u0131m;<\/span><\/div>\n<div>\n<span style=\"font-family: Arial, Helvetica, sans-serif;\"><br \/><\/span><\/div>\n<div>\n<span style=\"font-family: Arial, Helvetica, sans-serif;\"><\/span><\/p>\n<div>\n<span style=\"font-family: Arial, Helvetica, sans-serif;\">Son g\u00fcnlerde Finlandiya alan \u00f6\u011fretimi yapmayacak \u015feklinde \u00e7\u0131kan yaz\u0131lar\u0131 g\u00f6r\u00fcnce olu\u015fabilecek yanl\u0131\u015f anlamalara \u00f6nceden bir yorum amac\u0131yla;<\/span><\/div>\n<p><span style=\"font-family: Arial, Helvetica, sans-serif;\"><\/p>\n<div>\n<\/div>\n<div>\nBu ilgili alanlar\u0131n \u00f6\u011fretiminden vaz ge\u00e7tik anlam\u0131na gelmiyor. \u00d6\u011fretme\/\u00f6\u011frenme \u015feklini de\u011fi\u015ftiriyoruz diyorlar. Pozitivist, par\u00e7a \u00f6\u011frenme yerine b\u00fct\u00fcn i\u00e7inde anlam olu\u015fturma yoluna gidiyorlar. Problemi hayatla ili\u015fkilendirme yolunda \u00f6nemli bir ad\u0131m. Asl\u0131ndan soyutlay\u0131p par\u00e7a \u00f6\u011fretmenin ba\u015far\u0131s\u0131z oldu\u011funun tescili\u263a benzeri \u00f6neriler eskiden de vard\u0131. Integrated science \u00f6\u011fretimi benzeri bir y\u00f6ntem. Ya da interdisciplinary approach denilen uygulamalar\u0131n ba\u015far\u0131l\u0131 oldu\u011fu y\u00f6n\u00fcnde alanyaz\u0131nda bir \u00e7ok \u00e7al\u0131\u015fma bulmak m\u00fcmk\u00fcn. Finliler \u015fimdi bunu \u00f6ne \u00e7\u0131kar\u0131yorlar yani ortada devrim filan yok. Bu t\u00fcr uygulamalara ge\u00e7meden sistemin en temel \u00f6gesi olan \u00f6\u011fretmenlerin buna haz\u0131rl\u0131k derecesi ba\u015far\u0131 \u00fczerinde en \u00f6nemli etken olacak. Finliler kendi \u00f6\u011fretmenlerinin % 70 oran\u0131nda haz\u0131r oldu\u011funu s\u00f6yl\u00fcyorlar hakl\u0131d\u0131rlar \u00e7\u00fcnk\u00fc Finlandiya&#8217;daki \u00f6\u011fretmenlerin \u00e7o\u011funlu\u011fu Y\u00fcksek Lisans ya da Doktora derecesine sahipler ve bu dereceler alanda al\u0131nm\u0131\u015f dereceler (e\u011fitim bilimi dereceleri \u00e7ok az). \u015eimdi bizde bir \u00e7ok akl\u0131evvel bu haberlerden yola \u00e7\u0131karak biz de uygulayal\u0131m diyecekler yani kritik bir 3M devrimi daha. <a href=\"http:\/\/myozden.blogspot.com.tr\/2012\/02\/ogrenmede-minimum-yasas.html\" target=\"_blank\">\u00d6\u011frenmede minimum yasas\u0131<\/a>&#8216;na g\u00f6re bu ikincil de\u011fi\u015fimler yok h\u00fckm\u00fcnde olmaya mahkum. Bu arada bir s\u00fcr\u00fc para zaman israf\u0131 da cabas\u0131. Yeni devrimimiz hay\u0131rl\u0131 olsun. Belki bu sayede bizim \u00e7ocuklarda alan bilgilerini geli\u015ftirir ve YGS, LYS, TEOG, PISA, TIMSS s\u0131navlar\u0131nda y\u00fcz\u00fcm\u00fcz\u00fc a\u011f\u0131rtacak sonu\u00e7lar al\u0131rlar. Bu bana faiz d\u00fc\u015fs\u00fcn ekonomi \u015fahlans\u0131n procesini\u263a hat\u0131rlatt\u0131. Sadece 3M (m\u00fcfredat, metod, materyal) de\u011fi\u015ftirerek bu i\u015fler olsayd\u0131 50 kere yapm\u0131\u015ft\u0131k. \u00d6nce insan, Finli istedi\u011fi gibi sistemle oynar \u00e7\u00fcnk\u00fc nitelikli \u00f6\u011fretmeni var. B\u00fct\u00fcn sorunlar\u0131m\u0131z\u0131n ana belirleyicisi E\u011e\u0130T\u0130M iyi bir e\u011fitim i\u00e7in ise nitelikli \u00f6\u011fretmen \u015fart. Bir \u00fclkenin geli\u015fmi\u015flik seviyesi \u00f6\u011fretmenlerinin niteli\u011fi kadard\u0131r.<\/div>\n<div>\nSayg\u0131lar\u0131mla<\/div>\n<p><\/span><\/div>\n","protected":false},"excerpt":{"rendered":"<p>merhaba: son g\u00fcnlerde yerli, yabanc\u0131 bas\u0131nda ve sosyal mediada Finlilerin art\u0131k alan \u00f6\u011fretimi yapmayaca\u011f\u0131na y\u00f6nelik haber \u00e7okca yer almaya ba\u015flad\u0131; Washington Post The Independent Bu konuda Facebook ve Twitter&#8217;da a\u015fa\u011f\u0131daki yaz\u0131y\u0131 payla\u015ft\u0131m; Son g\u00fcnlerde Finlandiya alan \u00f6\u011fretimi yapmayacak \u015feklinde \u00e7\u0131kan yaz\u0131lar\u0131 g\u00f6r\u00fcnce olu\u015fabilecek yanl\u0131\u015f anlamalara \u00f6nceden bir yorum amac\u0131yla; Bu ilgili alanlar\u0131n \u00f6\u011fretiminden vaz ge\u00e7tik anlam\u0131na gelmiyor. \u00d6\u011fretme\/\u00f6\u011frenme \u015feklini de\u011fi\u015ftiriyoruz diyorlar. Pozitivist, par\u00e7a \u00f6\u011frenme yerine b\u00fct\u00fcn i\u00e7inde anlam olu\u015fturma yoluna gidiyorlar. Problemi hayatla ili\u015fkilendirme yolunda \u00f6nemli bir ad\u0131m. Asl\u0131ndan soyutlay\u0131p par\u00e7a \u00f6\u011fretmenin ba\u015far\u0131s\u0131z oldu\u011funun tescili\u263a benzeri \u00f6neriler eskiden de vard\u0131. Integrated science \u00f6\u011fretimi benzeri bir y\u00f6ntem. Ya da interdisciplinary approach denilen uygulamalar\u0131n ba\u015far\u0131l\u0131 oldu\u011fu y\u00f6n\u00fcnde alanyaz\u0131nda bir \u00e7ok \u00e7al\u0131\u015fma bulmak m\u00fcmk\u00fcn. Finliler \u015fimdi bunu \u00f6ne \u00e7\u0131kar\u0131yorlar yani ortada devrim filan yok. Bu t\u00fcr uygulamalara ge\u00e7meden sistemin en temel \u00f6gesi olan \u00f6\u011fretmenlerin buna haz\u0131rl\u0131k derecesi ba\u015far\u0131 \u00fczerinde en \u00f6nemli etken olacak. Finliler kendi \u00f6\u011fretmenlerinin % 70 oran\u0131nda haz\u0131r oldu\u011funu s\u00f6yl\u00fcyorlar hakl\u0131d\u0131rlar \u00e7\u00fcnk\u00fc Finlandiya&#8217;daki \u00f6\u011fretmenlerin \u00e7o\u011funlu\u011fu Y\u00fcksek Lisans ya da Doktora derecesine sahipler ve bu dereceler alanda al\u0131nm\u0131\u015f dereceler (e\u011fitim bilimi dereceleri \u00e7ok az). \u015eimdi bizde bir \u00e7ok akl\u0131evvel bu haberlerden yola \u00e7\u0131karak biz de uygulayal\u0131m diyecekler yani kritik bir 3M devrimi daha. \u00d6\u011frenmede minimum yasas\u0131&#8216;na g\u00f6re bu ikincil de\u011fi\u015fimler yok h\u00fckm\u00fcnde olmaya mahkum. Bu arada bir s\u00fcr\u00fc para zaman israf\u0131 da cabas\u0131. Yeni devrimimiz hay\u0131rl\u0131 olsun. Belki bu sayede bizim \u00e7ocuklarda alan bilgilerini geli\u015ftirir ve YGS, LYS, TEOG, PISA, TIMSS s\u0131navlar\u0131nda y\u00fcz\u00fcm\u00fcz\u00fc a\u011f\u0131rtacak sonu\u00e7lar al\u0131rlar. Bu bana faiz d\u00fc\u015fs\u00fcn ekonomi \u015fahlans\u0131n procesini\u263a hat\u0131rlatt\u0131. Sadece 3M (m\u00fcfredat, metod, materyal) de\u011fi\u015ftirerek bu i\u015fler olsayd\u0131 50 kere yapm\u0131\u015ft\u0131k. \u00d6nce insan, Finli istedi\u011fi gibi sistemle oynar \u00e7\u00fcnk\u00fc nitelikli \u00f6\u011fretmeni var. B\u00fct\u00fcn sorunlar\u0131m\u0131z\u0131n ana belirleyicisi E\u011e\u0130T\u0130M iyi bir e\u011fitim i\u00e7in ise nitelikli \u00f6\u011fretmen \u015fart. Bir \u00fclkenin geli\u015fmi\u015flik seviyesi \u00f6\u011fretmenlerinin niteli\u011fi kadard\u0131r. Sayg\u0131lar\u0131mla<\/p>\n","protected":false},"author":1,"featured_media":0,"comment_status":"open","ping_status":"open","sticky":false,"template":"","format":"standard","meta":{"footnotes":""},"categories":[1],"tags":[],"class_list":["post-306","post","type-post","status-publish","format-standard","hentry","category-uncategorized"],"acf":[],"_links":{"self":[{"href":"https:\/\/myozden.info\/index.php\/wp-json\/wp\/v2\/posts\/306","targetHints":{"allow":["GET"]}}],"collection":[{"href":"https:\/\/myozden.info\/index.php\/wp-json\/wp\/v2\/posts"}],"about":[{"href":"https:\/\/myozden.info\/index.php\/wp-json\/wp\/v2\/types\/post"}],"author":[{"embeddable":true,"href":"https:\/\/myozden.info\/index.php\/wp-json\/wp\/v2\/users\/1"}],"replies":[{"embeddable":true,"href":"https:\/\/myozden.info\/index.php\/wp-json\/wp\/v2\/comments?post=306"}],"version-history":[{"count":0,"href":"https:\/\/myozden.info\/index.php\/wp-json\/wp\/v2\/posts\/306\/revisions"}],"wp:attachment":[{"href":"https:\/\/myozden.info\/index.php\/wp-json\/wp\/v2\/media?parent=306"}],"wp:term":[{"taxonomy":"category","embeddable":true,"href":"https:\/\/myozden.info\/index.php\/wp-json\/wp\/v2\/categories?post=306"},{"taxonomy":"post_tag","embeddable":true,"href":"https:\/\/myozden.info\/index.php\/wp-json\/wp\/v2\/tags?post=306"}],"curies":[{"name":"wp","href":"https:\/\/api.w.org\/{rel}","templated":true}]}}